
{"id":3855,"date":"2025-05-27T15:15:00","date_gmt":"2025-05-27T18:15:00","guid":{"rendered":"http:\/\/nuted.ufrgs.br\/wordpress\/?p=3855"},"modified":"2025-05-27T15:15:02","modified_gmt":"2025-05-27T18:15:02","slug":"30o-ciaed","status":"publish","type":"post","link":"http:\/\/nuted.ufrgs.br\/wordpress\/2025\/05\/27\/30o-ciaed\/","title":{"rendered":"30\u00ba CIAED"},"content":{"rendered":"\n<div class=\"wp-block-group is-nowrap is-layout-flex wp-container-1\">\n<figure class=\"wp-block-image size-full is-resized\"><img decoding=\"async\" loading=\"lazy\" src=\"http:\/\/nuted.ufrgs.br\/wordpress\/wp-content\/uploads\/2025\/05\/Imagem-do-WhatsApp-de-2025-05-27-as-14.32.07_c5ca29e9.jpg\" alt=\"\" class=\"wp-image-3858\" width=\"380\" height=\"523\" srcset=\"http:\/\/nuted.ufrgs.br\/wordpress\/wp-content\/uploads\/2025\/05\/Imagem-do-WhatsApp-de-2025-05-27-as-14.32.07_c5ca29e9.jpg 538w, http:\/\/nuted.ufrgs.br\/wordpress\/wp-content\/uploads\/2025\/05\/Imagem-do-WhatsApp-de-2025-05-27-as-14.32.07_c5ca29e9-218x300.jpg 218w\" sizes=\"(max-width: 380px) 100vw, 380px\" \/><\/figure>\n\n\n\n<figure class=\"wp-block-image size-large is-resized\"><img decoding=\"async\" loading=\"lazy\" src=\"http:\/\/nuted.ufrgs.br\/wordpress\/wp-content\/uploads\/2025\/05\/20250507_154428-2-768x1024.jpg\" alt=\"\" class=\"wp-image-3860\" width=\"387\" height=\"516\" srcset=\"http:\/\/nuted.ufrgs.br\/wordpress\/wp-content\/uploads\/2025\/05\/20250507_154428-2-768x1024.jpg 768w, http:\/\/nuted.ufrgs.br\/wordpress\/wp-content\/uploads\/2025\/05\/20250507_154428-2-225x300.jpg 225w, http:\/\/nuted.ufrgs.br\/wordpress\/wp-content\/uploads\/2025\/05\/20250507_154428-2-1152x1536.jpg 1152w, http:\/\/nuted.ufrgs.br\/wordpress\/wp-content\/uploads\/2025\/05\/20250507_154428-2-1536x2048.jpg 1536w, http:\/\/nuted.ufrgs.br\/wordpress\/wp-content\/uploads\/2025\/05\/20250507_154428-2-scaled.jpg 1920w\" sizes=\"(max-width: 387px) 100vw, 387px\" \/><\/figure>\n<\/div>\n\n\n\n<p class=\"has-medium-font-size\">O NUTED foi representado nos dias 7,8 e 9 de maio, no 30\u00ba Congresso Internacional de Educa\u00e7\u00e3o \u00e0 Dist\u00e2ncia (CIAED) na cidade de Curitiba pela Coordenadora Professora Dr\u00aa Patricia Behar, pela professora colaboradora, Dr\u00aa Ketia Kellen Ara\u00fajo da Silva, pela p\u00f3s-doutoranda Daniela Ramos e pelos doutorandos Carla Sigal e Murilo Azevedo. O CIAED \u00e9 organizado anualmente pela Associa\u00e7\u00e3o Brasileira de Educa\u00e7\u00e3o a Dist\u00e2ncia (ABED) na qual a professora Patricia faz parte do Conselho Cient\u00edfico.<\/p>\n","protected":false},"excerpt":{"rendered":"<p>O NUTED foi representado nos dias 7,8 e 9 de maio, no 30\u00ba Congresso Internacional de Educa\u00e7\u00e3o \u00e0 Dist\u00e2ncia (CIAED) na cidade de&#8230;<\/p>\n","protected":false},"author":1,"featured_media":0,"comment_status":"closed","ping_status":"closed","sticky":true,"template":"","format":"standard","meta":{"_mi_skip_tracking":false},"categories":[51,49],"tags":[],"acf":[],"aioseo_notices":[],"_links":{"self":[{"href":"http:\/\/nuted.ufrgs.br\/wordpress\/wp-json\/wp\/v2\/posts\/3855"}],"collection":[{"href":"http:\/\/nuted.ufrgs.br\/wordpress\/wp-json\/wp\/v2\/posts"}],"about":[{"href":"http:\/\/nuted.ufrgs.br\/wordpress\/wp-json\/wp\/v2\/types\/post"}],"author":[{"embeddable":true,"href":"http:\/\/nuted.ufrgs.br\/wordpress\/wp-json\/wp\/v2\/users\/1"}],"replies":[{"embeddable":true,"href":"http:\/\/nuted.ufrgs.br\/wordpress\/wp-json\/wp\/v2\/comments?post=3855"}],"version-history":[{"count":4,"href":"http:\/\/nuted.ufrgs.br\/wordpress\/wp-json\/wp\/v2\/posts\/3855\/revisions"}],"predecessor-version":[{"id":3865,"href":"http:\/\/nuted.ufrgs.br\/wordpress\/wp-json\/wp\/v2\/posts\/3855\/revisions\/3865"}],"wp:attachment":[{"href":"http:\/\/nuted.ufrgs.br\/wordpress\/wp-json\/wp\/v2\/media?parent=3855"}],"wp:term":[{"taxonomy":"category","embeddable":true,"href":"http:\/\/nuted.ufrgs.br\/wordpress\/wp-json\/wp\/v2\/categories?post=3855"},{"taxonomy":"post_tag","embeddable":true,"href":"http:\/\/nuted.ufrgs.br\/wordpress\/wp-json\/wp\/v2\/tags?post=3855"}],"curies":[{"name":"wp","href":"https:\/\/api.w.org\/{rel}","templated":true}]}}