
{"id":3175,"date":"2021-03-16T15:14:51","date_gmt":"2021-03-16T18:14:51","guid":{"rendered":"http:\/\/www.nuted.ufrgs.br\/?p=3175"},"modified":"2021-03-16T15:14:51","modified_gmt":"2021-03-16T18:14:51","slug":"objeto-de-aprendizagem-rmativas-ead","status":"publish","type":"post","link":"http:\/\/nuted.ufrgs.br\/wordpress\/2021\/03\/16\/objeto-de-aprendizagem-rmativas-ead\/","title":{"rendered":"Objeto de aprendizagem: RMATIVAS-EaD"},"content":{"rendered":"<p>O objeto de aprendizagem RMATIVAS- EaD: Metodologias Ativas na EaD: um foco na recomenda\u00e7\u00e3o pedag\u00f3gica foi desenvolvido com o objeto de apresentar um material que permite discuss\u00e3o te\u00f3rica e pr\u00e1tica sobre a aplica\u00e7\u00e3o das metodologias ativas na Educa\u00e7\u00e3o a Dist\u00e2ncia, principalmente considerando a recomenda\u00e7\u00e3o pedag\u00f3gica que considera o perfil de cada aluno, seja social como afetivo.<\/p>\n<p><a href=\"http:\/\/www.nuted.ufrgs.br\/wordpress\/wp-content\/uploads\/2010\/10\/met.-ativas.png\"><img decoding=\"async\" loading=\"lazy\" class=\"alignleft size-medium wp-image-3170\" src=\"http:\/\/www.nuted.ufrgs.br\/wordpress\/wp-content\/uploads\/2010\/10\/met.-ativas-400x160.png\" alt=\"met. ativas\" width=\"400\" height=\"160\" \/><\/div>\n<p><a href=\"http:\/\/www.nuted.ufrgs.br\/oa\/rmativas_ead\/inicio.html\" target=\"_blank\" rel=\"noopener\">Acesso ao RMATIVAS-EaD<\/a><\/p>\n","protected":false},"excerpt":{"rendered":"<p>O objeto de aprendizagem RMATIVAS- EaD: Metodologias Ativas na EaD: um foco na recomenda\u00e7\u00e3o pedag\u00f3gica foi desenvolvido com o objeto de apresentar um&#8230;<\/p>\n","protected":false},"author":1,"featured_media":0,"comment_status":"open","ping_status":"open","sticky":false,"template":"","format":"standard","meta":{"_mi_skip_tracking":false},"categories":[49],"tags":[],"acf":[],"aioseo_notices":[],"_links":{"self":[{"href":"http:\/\/nuted.ufrgs.br\/wordpress\/wp-json\/wp\/v2\/posts\/3175"}],"collection":[{"href":"http:\/\/nuted.ufrgs.br\/wordpress\/wp-json\/wp\/v2\/posts"}],"about":[{"href":"http:\/\/nuted.ufrgs.br\/wordpress\/wp-json\/wp\/v2\/types\/post"}],"author":[{"embeddable":true,"href":"http:\/\/nuted.ufrgs.br\/wordpress\/wp-json\/wp\/v2\/users\/1"}],"replies":[{"embeddable":true,"href":"http:\/\/nuted.ufrgs.br\/wordpress\/wp-json\/wp\/v2\/comments?post=3175"}],"version-history":[{"count":0,"href":"http:\/\/nuted.ufrgs.br\/wordpress\/wp-json\/wp\/v2\/posts\/3175\/revisions"}],"wp:attachment":[{"href":"http:\/\/nuted.ufrgs.br\/wordpress\/wp-json\/wp\/v2\/media?parent=3175"}],"wp:term":[{"taxonomy":"category","embeddable":true,"href":"http:\/\/nuted.ufrgs.br\/wordpress\/wp-json\/wp\/v2\/categories?post=3175"},{"taxonomy":"post_tag","embeddable":true,"href":"http:\/\/nuted.ufrgs.br\/wordpress\/wp-json\/wp\/v2\/tags?post=3175"}],"curies":[{"name":"wp","href":"https:\/\/api.w.org\/{rel}","templated":true}]}}