
{"id":2928,"date":"2017-02-21T15:31:01","date_gmt":"2017-02-21T18:31:01","guid":{"rendered":"http:\/\/www.nuted.ufrgs.br\/?p=2568"},"modified":"2017-02-21T15:31:01","modified_gmt":"2017-02-21T18:31:01","slug":"o-objeto-de-aprendizagem-socioava","status":"publish","type":"post","link":"http:\/\/nuted.ufrgs.br\/wordpress\/2017\/02\/21\/o-objeto-de-aprendizagem-socioava\/","title":{"rendered":"O objeto de aprendizagem: SocioAVA"},"content":{"rendered":"<p>O objeto de aprendizagem SocioAVA: Intera\u00e7\u00f5es Sociais em Ambientes Virtuais de Aprendizagem trata sobre as intera\u00e7\u00f5es sociais como um fator importante a ser inclu\u00eddo em pr\u00e1ticas pedag\u00f3gicas desenvolvidas atrav\u00e9s de ambientes virtuais de aprendizagem (AVA). Portanto, o objetivo \u00e9 voltado para profissionais da Educa\u00e7\u00e3o a Dist\u00e2ncia que possuem interesse em discutir sobre o tema. Objeto desenvolvido em 2015.<\/p>\n<p><a href=\"http:\/\/www.nuted.ufrgs.br\/oa\/socioava\/\" target=\"_blank\" rel=\"noopener\">Acesso ao\u00a0SocioAVA<\/a><\/p>\n","protected":false},"excerpt":{"rendered":"<p>O objeto de aprendizagem SocioAVA: Intera\u00e7\u00f5es Sociais em Ambientes Virtuais de Aprendizagem trata sobre as intera\u00e7\u00f5es sociais como um fator importante a ser&#8230;<\/p>\n","protected":false},"author":1,"featured_media":0,"comment_status":"open","ping_status":"open","sticky":false,"template":"","format":"standard","meta":{"_mi_skip_tracking":false},"categories":[7],"tags":[],"acf":[],"aioseo_notices":[],"_links":{"self":[{"href":"http:\/\/nuted.ufrgs.br\/wordpress\/wp-json\/wp\/v2\/posts\/2928"}],"collection":[{"href":"http:\/\/nuted.ufrgs.br\/wordpress\/wp-json\/wp\/v2\/posts"}],"about":[{"href":"http:\/\/nuted.ufrgs.br\/wordpress\/wp-json\/wp\/v2\/types\/post"}],"author":[{"embeddable":true,"href":"http:\/\/nuted.ufrgs.br\/wordpress\/wp-json\/wp\/v2\/users\/1"}],"replies":[{"embeddable":true,"href":"http:\/\/nuted.ufrgs.br\/wordpress\/wp-json\/wp\/v2\/comments?post=2928"}],"version-history":[{"count":0,"href":"http:\/\/nuted.ufrgs.br\/wordpress\/wp-json\/wp\/v2\/posts\/2928\/revisions"}],"wp:attachment":[{"href":"http:\/\/nuted.ufrgs.br\/wordpress\/wp-json\/wp\/v2\/media?parent=2928"}],"wp:term":[{"taxonomy":"category","embeddable":true,"href":"http:\/\/nuted.ufrgs.br\/wordpress\/wp-json\/wp\/v2\/categories?post=2928"},{"taxonomy":"post_tag","embeddable":true,"href":"http:\/\/nuted.ufrgs.br\/wordpress\/wp-json\/wp\/v2\/tags?post=2928"}],"curies":[{"name":"wp","href":"https:\/\/api.w.org\/{rel}","templated":true}]}}