
{"id":2924,"date":"2012-01-31T08:12:44","date_gmt":"2012-01-31T12:12:44","guid":{"rendered":"http:\/\/www.nuted.ufrgs.br\/?p=1278"},"modified":"2012-01-31T08:12:44","modified_gmt":"2012-01-31T12:12:44","slug":"educacao-em-tempos-de-mudancas","status":"publish","type":"post","link":"http:\/\/nuted.ufrgs.br\/wordpress\/2012\/01\/31\/educacao-em-tempos-de-mudancas\/","title":{"rendered":"Educa\u00e7\u00e3o em tempos de mudan\u00e7as"},"content":{"rendered":"<p>Este projeto tem como objetivo principal auxiliar professores da Educa\u00e7\u00e3o Infantil e do Ensino Fundamental no desenvolvimento das aulas, reconhecendo as caracter\u00edsticas que os alunos zappiens desenvolvem fora da escola. Nesse sentido, buscam-se estrat\u00e9gias para suprir estas necessidades dentro da sala de aula, reconhecendo uma forma de educar em tempos de mudan\u00e7as com ferramentas da web 2.0. Pretende-se, ainda, promover situa\u00e7\u00f5es em que os professores e alunos zappiens possam, a partir de uma experi\u00eancia reflexiva, engajar-se, de forma criativa e cient\u00edfica, num processo din\u00e2mico, participativo e interdisciplinar de aprendizagem. . <\/p>\n","protected":false},"excerpt":{"rendered":"<p>Este projeto tem como objetivo principal auxiliar professores da Educa\u00e7\u00e3o Infantil e do Ensino Fundamental no desenvolvimento das aulas, reconhecendo as caracter\u00edsticas que&#8230;<\/p>\n","protected":false},"author":1,"featured_media":0,"comment_status":"open","ping_status":"open","sticky":false,"template":"","format":"standard","meta":{"_mi_skip_tracking":false},"categories":[48],"tags":[],"acf":[],"aioseo_notices":[],"_links":{"self":[{"href":"http:\/\/nuted.ufrgs.br\/wordpress\/wp-json\/wp\/v2\/posts\/2924"}],"collection":[{"href":"http:\/\/nuted.ufrgs.br\/wordpress\/wp-json\/wp\/v2\/posts"}],"about":[{"href":"http:\/\/nuted.ufrgs.br\/wordpress\/wp-json\/wp\/v2\/types\/post"}],"author":[{"embeddable":true,"href":"http:\/\/nuted.ufrgs.br\/wordpress\/wp-json\/wp\/v2\/users\/1"}],"replies":[{"embeddable":true,"href":"http:\/\/nuted.ufrgs.br\/wordpress\/wp-json\/wp\/v2\/comments?post=2924"}],"version-history":[{"count":0,"href":"http:\/\/nuted.ufrgs.br\/wordpress\/wp-json\/wp\/v2\/posts\/2924\/revisions"}],"wp:attachment":[{"href":"http:\/\/nuted.ufrgs.br\/wordpress\/wp-json\/wp\/v2\/media?parent=2924"}],"wp:term":[{"taxonomy":"category","embeddable":true,"href":"http:\/\/nuted.ufrgs.br\/wordpress\/wp-json\/wp\/v2\/categories?post=2924"},{"taxonomy":"post_tag","embeddable":true,"href":"http:\/\/nuted.ufrgs.br\/wordpress\/wp-json\/wp\/v2\/tags?post=2924"}],"curies":[{"name":"wp","href":"https:\/\/api.w.org\/{rel}","templated":true}]}}